{"id":49,"date":"2026-09-04T18:44:16","date_gmt":"2026-09-04T18:44:16","guid":{"rendered":"https:\/\/kleinefarm.it-baumbach.de\/?p=49"},"modified":"2026-09-04T18:44:16","modified_gmt":"2026-09-04T18:44:16","slug":"ally-und-alexander-zu-gast-im-tv-studio-von-trude-kuh","status":"publish","type":"post","link":"https:\/\/kleinefarm.it-baumbach.de\/?p=49","title":{"rendered":"Ally und Alexander zu Gast im TV-Studio von Trude Kuh"},"content":{"rendered":"<p class=\"wp-block-paragraph\"><strong>29. August 2025 \u00b7 TV-Interview<\/strong><\/p><p class=\"wp-block-paragraph\">Almut \u201eAlly\u201c Salzmann und Alexander Horn stellten im Studio von \u201eTrude Kuh\u201c den Gnadenhof und seine t\u00e4gliche Arbeit vor. Im Mittelpunkt standen die Versorgung alter und beeintr\u00e4chtigter Tiere, bewegende Schicksale und die Bedeutung von Spenden, Ehrenamt und \u00f6ffentlicher Aufmerksamkeit.<\/p><p class=\"wp-block-paragraph\"><a href=\"https:\/\/www.trude-kuh.de\/almut-ally-salzmann-und-alexander-horn-von-gnadenhof-allys-kleine-farm-bei-trude-kuh\/\" target=\"_blank\" rel=\"noopener\">Bericht und TV-Beitrag bei Trude Kuh ansehen<\/a><\/p>","protected":false},"excerpt":{"rendered":"<p>29. August 2025 \u00b7 TV-Interview Almut \u201eAlly\u201c Salzmann und Alexander Horn stellten im Studio von \u201eTrude Kuh\u201c den Gnadenhof und seine t\u00e4gliche Arbeit vor. Im Mittelpunkt standen die Versorgung alter und beeintr\u00e4chtigter Tiere, bewegende Schicksale und die Bedeutung von Spenden, Ehrenamt und \u00f6ffentlicher Aufmerksamkeit. Bericht und TV-Beitrag bei Trude Kuh ansehen<\/p>\n","protected":false},"author":1,"featured_media":0,"comment_status":"open","ping_status":"open","sticky":false,"template":"","format":"standard","meta":{"footnotes":""},"categories":[5],"tags":[],"class_list":["post-49","post","type-post","status-publish","format-standard","hentry","category-aktuelles"],"_links":{"self":[{"href":"https:\/\/kleinefarm.it-baumbach.de\/index.php?rest_route=\/wp\/v2\/posts\/49","targetHints":{"allow":["GET"]}}],"collection":[{"href":"https:\/\/kleinefarm.it-baumbach.de\/index.php?rest_route=\/wp\/v2\/posts"}],"about":[{"href":"https:\/\/kleinefarm.it-baumbach.de\/index.php?rest_route=\/wp\/v2\/types\/post"}],"author":[{"embeddable":true,"href":"https:\/\/kleinefarm.it-baumbach.de\/index.php?rest_route=\/wp\/v2\/users\/1"}],"replies":[{"embeddable":true,"href":"https:\/\/kleinefarm.it-baumbach.de\/index.php?rest_route=%2Fwp%2Fv2%2Fcomments&post=49"}],"version-history":[{"count":1,"href":"https:\/\/kleinefarm.it-baumbach.de\/index.php?rest_route=\/wp\/v2\/posts\/49\/revisions"}],"predecessor-version":[{"id":50,"href":"https:\/\/kleinefarm.it-baumbach.de\/index.php?rest_route=\/wp\/v2\/posts\/49\/revisions\/50"}],"wp:attachment":[{"href":"https:\/\/kleinefarm.it-baumbach.de\/index.php?rest_route=%2Fwp%2Fv2%2Fmedia&parent=49"}],"wp:term":[{"taxonomy":"category","embeddable":true,"href":"https:\/\/kleinefarm.it-baumbach.de\/index.php?rest_route=%2Fwp%2Fv2%2Fcategories&post=49"},{"taxonomy":"post_tag","embeddable":true,"href":"https:\/\/kleinefarm.it-baumbach.de\/index.php?rest_route=%2Fwp%2Fv2%2Ftags&post=49"}],"curies":[{"name":"wp","href":"https:\/\/api.w.org\/{rel}","templated":true}]}}