{"id":45,"date":"2026-09-04T18:43:31","date_gmt":"2026-09-04T18:43:31","guid":{"rendered":"https:\/\/kleinefarm.it-baumbach.de\/?p=45"},"modified":"2026-09-04T18:43:31","modified_gmt":"2026-09-04T18:43:31","slug":"meer-radio-besucht-allys-kleine-farm","status":"publish","type":"post","link":"https:\/\/kleinefarm.it-baumbach.de\/?p=45","title":{"rendered":"Meer Radio besucht Allys kleine Farm"},"content":{"rendered":"<p class=\"wp-block-paragraph\"><strong>Radiobeitrag \u00b7 Ver\u00f6ffentlichungsdatum nicht ausgewiesen<\/strong><\/p><p class=\"wp-block-paragraph\">Meer Radio besuchte Ally f\u00fcr eine exklusive Hoff\u00fchrung. Der Beitrag berichtet von der gro\u00dfen Vielfalt der Tiere, dem weitl\u00e4ufigen Hof und davon, dass die Versorgung ausschlie\u00dflich \u00fcber Spenden getragen wird.<\/p><p class=\"wp-block-paragraph\"><a href=\"https:\/\/meerradio.de\/programm\/audio\/beitraege\" target=\"_blank\" rel=\"noopener\">Beitrag bei Meer Radio aufrufen<\/a><\/p>","protected":false},"excerpt":{"rendered":"<p>Radiobeitrag \u00b7 Ver\u00f6ffentlichungsdatum nicht ausgewiesen Meer Radio besuchte Ally f\u00fcr eine exklusive Hoff\u00fchrung. Der Beitrag berichtet von der gro\u00dfen Vielfalt der Tiere, dem weitl\u00e4ufigen Hof und davon, dass die Versorgung ausschlie\u00dflich \u00fcber Spenden getragen wird. Beitrag bei Meer Radio aufrufen<\/p>\n","protected":false},"author":1,"featured_media":0,"comment_status":"open","ping_status":"open","sticky":false,"template":"","format":"standard","meta":{"footnotes":""},"categories":[5],"tags":[],"class_list":["post-45","post","type-post","status-publish","format-standard","hentry","category-aktuelles"],"_links":{"self":[{"href":"https:\/\/kleinefarm.it-baumbach.de\/index.php?rest_route=\/wp\/v2\/posts\/45","targetHints":{"allow":["GET"]}}],"collection":[{"href":"https:\/\/kleinefarm.it-baumbach.de\/index.php?rest_route=\/wp\/v2\/posts"}],"about":[{"href":"https:\/\/kleinefarm.it-baumbach.de\/index.php?rest_route=\/wp\/v2\/types\/post"}],"author":[{"embeddable":true,"href":"https:\/\/kleinefarm.it-baumbach.de\/index.php?rest_route=\/wp\/v2\/users\/1"}],"replies":[{"embeddable":true,"href":"https:\/\/kleinefarm.it-baumbach.de\/index.php?rest_route=%2Fwp%2Fv2%2Fcomments&post=45"}],"version-history":[{"count":1,"href":"https:\/\/kleinefarm.it-baumbach.de\/index.php?rest_route=\/wp\/v2\/posts\/45\/revisions"}],"predecessor-version":[{"id":46,"href":"https:\/\/kleinefarm.it-baumbach.de\/index.php?rest_route=\/wp\/v2\/posts\/45\/revisions\/46"}],"wp:attachment":[{"href":"https:\/\/kleinefarm.it-baumbach.de\/index.php?rest_route=%2Fwp%2Fv2%2Fmedia&parent=45"}],"wp:term":[{"taxonomy":"category","embeddable":true,"href":"https:\/\/kleinefarm.it-baumbach.de\/index.php?rest_route=%2Fwp%2Fv2%2Fcategories&post=45"},{"taxonomy":"post_tag","embeddable":true,"href":"https:\/\/kleinefarm.it-baumbach.de\/index.php?rest_route=%2Fwp%2Fv2%2Ftags&post=45"}],"curies":[{"name":"wp","href":"https:\/\/api.w.org\/{rel}","templated":true}]}}