{"id":43,"date":"2026-09-04T18:43:02","date_gmt":"2026-09-04T18:43:02","guid":{"rendered":"https:\/\/kleinefarm.it-baumbach.de\/?p=43"},"modified":"2026-09-04T18:48:53","modified_gmt":"2026-09-04T18:48:53","slug":"starke-partnerschaft-fuer-tiere-in-not","status":"publish","type":"post","link":"https:\/\/kleinefarm.it-baumbach.de\/?p=43","title":{"rendered":"Starke Partnerschaft f\u00fcr Tiere in Not"},"content":{"rendered":"<p class=\"wp-block-paragraph\"><strong>Ausgabe 4\/2021 \u00b7 Das Recht der Tiere<\/strong><\/p><p class=\"wp-block-paragraph\">Der Bund gegen Missbrauch der Tiere stellte die Kooperation des Franziskus Tierheims mit Allys kleiner Farm vor. Weil st\u00e4dtische Tierheime Weide- und Bauernhoftiere oft nicht artgerecht unterbringen k\u00f6nnen, schafft die Zusammenarbeit langfristige Lebenspl\u00e4tze f\u00fcr Pferde, Ponys und andere besondere Sch\u00fctzlinge.<\/p><p class=\"wp-block-paragraph\"><a href=\"https:\/\/bmt-tierschutz.bmtev.de\/lib_dateien\/ueber_uns\/rdt\/RdT_04_2021.pdf\" target=\"_blank\" rel=\"noopener\">Beitrag in \u201eDas Recht der Tiere\u201c, Ausgabe 4\/2021, lesen<\/a><\/p>","protected":false},"excerpt":{"rendered":"<p>Ausgabe 4\/2021 \u00b7 Das Recht der Tiere Der Bund gegen Missbrauch der Tiere stellte die Kooperation des Franziskus Tierheims mit Allys kleiner Farm vor. Weil st\u00e4dtische Tierheime Weide- und Bauernhoftiere oft nicht artgerecht unterbringen k\u00f6nnen, schafft die Zusammenarbeit langfristige Lebenspl\u00e4tze f\u00fcr Pferde, Ponys und andere besondere Sch\u00fctzlinge. Beitrag in \u201eDas Recht der Tiere\u201c, Ausgabe 4\/2021, [&hellip;]<\/p>\n","protected":false},"author":1,"featured_media":0,"comment_status":"open","ping_status":"open","sticky":false,"template":"","format":"standard","meta":{"footnotes":""},"categories":[5],"tags":[],"class_list":["post-43","post","type-post","status-publish","format-standard","hentry","category-aktuelles"],"_links":{"self":[{"href":"https:\/\/kleinefarm.it-baumbach.de\/index.php?rest_route=\/wp\/v2\/posts\/43","targetHints":{"allow":["GET"]}}],"collection":[{"href":"https:\/\/kleinefarm.it-baumbach.de\/index.php?rest_route=\/wp\/v2\/posts"}],"about":[{"href":"https:\/\/kleinefarm.it-baumbach.de\/index.php?rest_route=\/wp\/v2\/types\/post"}],"author":[{"embeddable":true,"href":"https:\/\/kleinefarm.it-baumbach.de\/index.php?rest_route=\/wp\/v2\/users\/1"}],"replies":[{"embeddable":true,"href":"https:\/\/kleinefarm.it-baumbach.de\/index.php?rest_route=%2Fwp%2Fv2%2Fcomments&post=43"}],"version-history":[{"count":1,"href":"https:\/\/kleinefarm.it-baumbach.de\/index.php?rest_route=\/wp\/v2\/posts\/43\/revisions"}],"predecessor-version":[{"id":44,"href":"https:\/\/kleinefarm.it-baumbach.de\/index.php?rest_route=\/wp\/v2\/posts\/43\/revisions\/44"}],"wp:attachment":[{"href":"https:\/\/kleinefarm.it-baumbach.de\/index.php?rest_route=%2Fwp%2Fv2%2Fmedia&parent=43"}],"wp:term":[{"taxonomy":"category","embeddable":true,"href":"https:\/\/kleinefarm.it-baumbach.de\/index.php?rest_route=%2Fwp%2Fv2%2Fcategories&post=43"},{"taxonomy":"post_tag","embeddable":true,"href":"https:\/\/kleinefarm.it-baumbach.de\/index.php?rest_route=%2Fwp%2Fv2%2Ftags&post=43"}],"curies":[{"name":"wp","href":"https:\/\/api.w.org\/{rel}","templated":true}]}}